{"id":16817,"date":"2021-06-28T00:00:00","date_gmt":"2021-06-28T04:00:00","guid":{"rendered":"https:\/\/genomequebec.com\/actualites-et-publications\/jennifer-stoddart-admitted-as-knight-of-the-ordre-national-du-quebec\/"},"modified":"2021-06-28T00:00:00","modified_gmt":"2021-06-28T04:00:00","slug":"jennifer-stoddart-admitted-as-knight-of-the-ordre-national-du-quebec","status":"publish","type":"post","link":"https:\/\/genomequebec.com\/en\/news-and-publications\/jennifer-stoddart-admitted-as-knight-of-the-ordre-national-du-quebec\/","title":{"rendered":"Jennifer Stoddart admitted as Knight of the Ordre national du Qu\u00e9bec."},"content":{"rendered":"<p>As early as 1982, with her solid training as a historian, Jennifer Stoddart distinguished herself by publishing, within the Clio collective, the book L&#8217;histoire des femmes au Qu\u00e9bec depuis quatre si\u00e8cles. In the 2000s, she was able to reframe the right to privacy, having served with authority and effectiveness as President of the Commission d&#8217;acc\u00e8s \u00e0 l&#8217;information du Qu\u00e9bec, and then as Privacy Commissioner of Canada. Since 2014, she has been co-chair of several working committees of the Organisation for Economic Co-operation and Development.<\/p>\n<p>(Text credit: Ordre national du Qu\u00e9bec)<\/p>\n<p>\u00a0<\/p>\n<p>\u00a0<\/p>\n<p>To visit the Ordre national du Qu\u00e9bec website, click\u00a0<a href=\"https:\/\/www.ordre-national.gouv.qc.ca\/membres\/membre-en.asp?id=3656\" target=\"_blank\" rel=\"noopener\">here<\/a>.\u00a0<\/p>\n","protected":false},"excerpt":{"rendered":"<p>As early as 1982, with her solid training as a historian, Jennifer Stoddart distinguished herself by publishing, within the Clio collective, the book L&#8217;histoire des femmes au Qu\u00e9bec depuis quatre&hellip;<\/p>\n","protected":false},"author":1,"featured_media":16394,"comment_status":"open","ping_status":"open","sticky":false,"template":"","format":"standard","meta":{"_acf_changed":false,"_relevanssi_hide_post":"","_relevanssi_hide_content":"","_relevanssi_pin_for_all":"","_relevanssi_pin_keywords":"","_relevanssi_unpin_keywords":"","_relevanssi_related_keywords":"","_relevanssi_related_include_ids":"","_relevanssi_related_exclude_ids":"","_relevanssi_related_no_append":"","_relevanssi_related_not_related":"","_relevanssi_related_posts":"","_relevanssi_noindex_reason":"","footnotes":""},"categories":[294],"tags":[],"class_list":["post-16817","post","type-post","status-publish","format-standard","has-post-thumbnail","hentry","category-nouvelles"],"acf":[],"_links":{"self":[{"href":"https:\/\/genomequebec.com\/en\/wp-json\/wp\/v2\/posts\/16817","targetHints":{"allow":["GET"]}}],"collection":[{"href":"https:\/\/genomequebec.com\/en\/wp-json\/wp\/v2\/posts"}],"about":[{"href":"https:\/\/genomequebec.com\/en\/wp-json\/wp\/v2\/types\/post"}],"author":[{"embeddable":true,"href":"https:\/\/genomequebec.com\/en\/wp-json\/wp\/v2\/users\/1"}],"replies":[{"embeddable":true,"href":"https:\/\/genomequebec.com\/en\/wp-json\/wp\/v2\/comments?post=16817"}],"version-history":[{"count":0,"href":"https:\/\/genomequebec.com\/en\/wp-json\/wp\/v2\/posts\/16817\/revisions"}],"wp:featuredmedia":[{"embeddable":true,"href":"https:\/\/genomequebec.com\/en\/wp-json\/wp\/v2\/media\/16394"}],"wp:attachment":[{"href":"https:\/\/genomequebec.com\/en\/wp-json\/wp\/v2\/media?parent=16817"}],"wp:term":[{"taxonomy":"category","embeddable":true,"href":"https:\/\/genomequebec.com\/en\/wp-json\/wp\/v2\/categories?post=16817"},{"taxonomy":"post_tag","embeddable":true,"href":"https:\/\/genomequebec.com\/en\/wp-json\/wp\/v2\/tags?post=16817"}],"curies":[{"name":"wp","href":"https:\/\/api.w.org\/{rel}","templated":true}]}}