{"id":16749,"date":"2018-10-02T00:00:00","date_gmt":"2018-10-02T04:00:00","guid":{"rendered":"https:\/\/genomequebec.com\/actualites-et-publications\/genome-quebec-congratulates-the-new-government\/"},"modified":"2018-10-02T00:00:00","modified_gmt":"2018-10-02T04:00:00","slug":"genome-quebec-congratulates-the-new-government","status":"publish","type":"post","link":"https:\/\/genomequebec.com\/en\/news-and-publications\/genome-quebec-congratulates-the-new-government\/","title":{"rendered":"G\u00e9nome Qu\u00e9bec congratulates the new Government"},"content":{"rendered":"<p>The President and CEO of G\u00e9nome Qu\u00e9bec, Daniel Coderre, would like to congratulate the new Premier of Qu\u00e9bec, Fran\u00e7ois Legault, and his team. The election of a majority Government that places economic prosperity at the top of its priorities is welcome news.<\/p>\n<p>As an organization dedicated to research and innovation, G\u00e9nome Qu\u00e9bec is a leading player in Qu\u00e9bec, where life sciences and innovation are a driving force of economic development.<\/p>\n<p>\u00a0<\/p>\n<p>\u201cWe are confident that the new Government will support this key sector in Qu\u00e9bec. Given its unique business model and its operational flexibility, G\u00e9nome Qu\u00e9bec is well positioned to stimulate the contribution of the private sector and other partners,\u201d said Daniel Coderre.<\/p>\n<p>\u00a0<\/p>\n<p>G\u00e9nome Qu\u00e9bec hopes to see the new government continue to support research and innovation in order to create the best possible conditions for promoting the growth of genomics, thus contributing to the competiveness of Qu\u00e9bec, which continues to play a leadership role in research and development in the life sciences sector. As such, the Coalition avenir Qu\u00e9bec (CAQ) Government can count on G\u00e9nome Qu\u00e9bec\u2019s full cooperation.<\/p>\n<p><a href=\"https:\/\/www.genomequebec.com\/DATA\/COMMUNIQUE\/336_en~v~Genome_Quebec_congratulates_the_new_Government.pdf\" target=\"_blank\" rel=\"noopener\">Read the press release<\/a><\/p>\n","protected":false},"excerpt":{"rendered":"<p>The President and CEO of G\u00e9nome Qu\u00e9bec, Daniel Coderre, would like to congratulate the new Premier of Qu\u00e9bec, Fran\u00e7ois Legault, and his team. The election of a majority Government that&hellip;<\/p>\n","protected":false},"author":1,"featured_media":16120,"comment_status":"open","ping_status":"open","sticky":false,"template":"","format":"standard","meta":{"_acf_changed":false,"_relevanssi_hide_post":"","_relevanssi_hide_content":"","_relevanssi_pin_for_all":"","_relevanssi_pin_keywords":"","_relevanssi_unpin_keywords":"","_relevanssi_related_keywords":"","_relevanssi_related_include_ids":"","_relevanssi_related_exclude_ids":"","_relevanssi_related_no_append":"","_relevanssi_related_not_related":"","_relevanssi_related_posts":"","_relevanssi_noindex_reason":"","footnotes":""},"categories":[294],"tags":[],"class_list":["post-16749","post","type-post","status-publish","format-standard","has-post-thumbnail","hentry","category-nouvelles"],"acf":[],"_links":{"self":[{"href":"https:\/\/genomequebec.com\/en\/wp-json\/wp\/v2\/posts\/16749","targetHints":{"allow":["GET"]}}],"collection":[{"href":"https:\/\/genomequebec.com\/en\/wp-json\/wp\/v2\/posts"}],"about":[{"href":"https:\/\/genomequebec.com\/en\/wp-json\/wp\/v2\/types\/post"}],"author":[{"embeddable":true,"href":"https:\/\/genomequebec.com\/en\/wp-json\/wp\/v2\/users\/1"}],"replies":[{"embeddable":true,"href":"https:\/\/genomequebec.com\/en\/wp-json\/wp\/v2\/comments?post=16749"}],"version-history":[{"count":0,"href":"https:\/\/genomequebec.com\/en\/wp-json\/wp\/v2\/posts\/16749\/revisions"}],"wp:featuredmedia":[{"embeddable":true,"href":"https:\/\/genomequebec.com\/en\/wp-json\/wp\/v2\/media\/16120"}],"wp:attachment":[{"href":"https:\/\/genomequebec.com\/en\/wp-json\/wp\/v2\/media?parent=16749"}],"wp:term":[{"taxonomy":"category","embeddable":true,"href":"https:\/\/genomequebec.com\/en\/wp-json\/wp\/v2\/categories?post=16749"},{"taxonomy":"post_tag","embeddable":true,"href":"https:\/\/genomequebec.com\/en\/wp-json\/wp\/v2\/tags?post=16749"}],"curies":[{"name":"wp","href":"https:\/\/api.w.org\/{rel}","templated":true}]}}