{"id":16706,"date":"2017-10-31T00:00:00","date_gmt":"2017-10-31T04:00:00","guid":{"rendered":"https:\/\/genomequebec.com\/actualites-et-publications\/panel-health-innovations-and-public-understanding-the-urgent-need-to-close-the-gap\/"},"modified":"2017-10-31T00:00:00","modified_gmt":"2017-10-31T04:00:00","slug":"panel-health-innovations-and-public-understanding-the-urgent-need-to-close-the-gap","status":"publish","type":"post","link":"https:\/\/genomequebec.com\/en\/news-and-publications\/panel-health-innovations-and-public-understanding-the-urgent-need-to-close-the-gap\/","title":{"rendered":"Panel &#8211; Health innovations and public understanding: The urgent need to close the gap"},"content":{"rendered":"<p class=\"m7029539282750840594msoplaintext\" style=\"text-align: justify;\">As part of the 11th\u00a0Qu\u00e9bec City Healthcare Industry Forum, G\u00e9nome Qu\u00e9bec, in collaboration with BIOQu\u00e9bec, is organizing the panel\u00a0<strong>Health innovations and public understanding: The urgent need to close the gap.<\/strong><\/p>\n<p class=\"m7029539282750840594msoplaintext\" style=\"text-align: justify;\">Is it possible to successfully take a turn towards innovation in health without public support? For major international leaders, the answer is &#8220;no&#8221;&#8230; So what if our big challenge for coming years was to make ourselves understood?<\/p>\n<p class=\"m7029539282750840594msoplaintext\" style=\"text-align: justify;\">This panel will assess how well the life sciences sector is faring when it comes to getting its message out. Are we targeting the right audiences? Do we truly understand the importance of communication and the risk of not communicating? How can we use communications in a context of cultural change? Why is it so difficult to be heard? What does the media landscape look like in 2017?<\/p>\n<p class=\"m7029539282750840594msoplaintext\" style=\"text-align: justify;\">Journalists and skilled public speakers will get together to share their understanding of the situation and discuss existing challenges to the successful and sustainable shift to innovation in health.<\/p>\n<p class=\"m7029539282750840594msoplaintext\">Panelists:<\/p>\n<ul>\n<li class=\"m7029539282750840594msoplaintext\">Pierre Lavoie, Cofounder and Vice President of the Grand d\u00e9fi Pierre Lavoie<\/li>\n<li class=\"m7029539282750840594msoplaintext\">Michel Rochon, Scientific Journalist<\/li>\n<li class=\"m7029539282750840594msoplaintext\">\u00c9tienne Crevier, President and CEO of BiogeniQ<\/li>\n<\/ul>\n<p class=\"m7029539282750840594msoplaintext\">Journalist Esther B\u00e9gin will be hosting the panel.<\/p>\n<p><strong>Date\u00a0and time<\/strong>: Tuesday, December 5, 2017 &#8211; from 2 pm to 4 pm<br \/><strong>Venue<\/strong>:\u00a0Hilton Qu\u00e9bec,\u00a01100, boulevard Ren\u00e9-L\u00e9vesque Est, Ville de Qu\u00e9bec, G1R 4P3<\/p>\n<p class=\"m7029539282750840594msoplaintext\"><a href=\"http:\/\/www.quebecinternational.ca\/healthcare-forum\/home\/?lang=en\" target=\"_blank\" rel=\"noopener\"><br \/>For more information or to register, click here.<\/a><\/p>\n<p class=\"m7029539282750840594msoplaintext\">\u00a0<br \/><em>Note that this panel will be held in French only.<\/em><\/p>\n","protected":false},"excerpt":{"rendered":"<p>As part of the 11th\u00a0Qu\u00e9bec City Healthcare Industry Forum, G\u00e9nome Qu\u00e9bec, in collaboration with BIOQu\u00e9bec, is organizing the panel\u00a0Health innovations and public understanding: The urgent need to close the gap.&hellip;<\/p>\n","protected":false},"author":1,"featured_media":15973,"comment_status":"open","ping_status":"open","sticky":false,"template":"","format":"standard","meta":{"_acf_changed":false,"_relevanssi_hide_post":"","_relevanssi_hide_content":"","_relevanssi_pin_for_all":"","_relevanssi_pin_keywords":"","_relevanssi_unpin_keywords":"","_relevanssi_related_keywords":"","_relevanssi_related_include_ids":"","_relevanssi_related_exclude_ids":"","_relevanssi_related_no_append":"","_relevanssi_related_not_related":"","_relevanssi_related_posts":"","_relevanssi_noindex_reason":"","footnotes":""},"categories":[294],"tags":[],"class_list":["post-16706","post","type-post","status-publish","format-standard","has-post-thumbnail","hentry","category-nouvelles"],"acf":[],"_links":{"self":[{"href":"https:\/\/genomequebec.com\/en\/wp-json\/wp\/v2\/posts\/16706","targetHints":{"allow":["GET"]}}],"collection":[{"href":"https:\/\/genomequebec.com\/en\/wp-json\/wp\/v2\/posts"}],"about":[{"href":"https:\/\/genomequebec.com\/en\/wp-json\/wp\/v2\/types\/post"}],"author":[{"embeddable":true,"href":"https:\/\/genomequebec.com\/en\/wp-json\/wp\/v2\/users\/1"}],"replies":[{"embeddable":true,"href":"https:\/\/genomequebec.com\/en\/wp-json\/wp\/v2\/comments?post=16706"}],"version-history":[{"count":0,"href":"https:\/\/genomequebec.com\/en\/wp-json\/wp\/v2\/posts\/16706\/revisions"}],"wp:featuredmedia":[{"embeddable":true,"href":"https:\/\/genomequebec.com\/en\/wp-json\/wp\/v2\/media\/15973"}],"wp:attachment":[{"href":"https:\/\/genomequebec.com\/en\/wp-json\/wp\/v2\/media?parent=16706"}],"wp:term":[{"taxonomy":"category","embeddable":true,"href":"https:\/\/genomequebec.com\/en\/wp-json\/wp\/v2\/categories?post=16706"},{"taxonomy":"post_tag","embeddable":true,"href":"https:\/\/genomequebec.com\/en\/wp-json\/wp\/v2\/tags?post=16706"}],"curies":[{"name":"wp","href":"https:\/\/api.w.org\/{rel}","templated":true}]}}