{"id":16699,"date":"2017-07-21T00:00:00","date_gmt":"2017-07-21T04:00:00","guid":{"rendered":"https:\/\/genomequebec.com\/actualites-et-publications\/bio-world-congress-on-industrial-biotechnology\/"},"modified":"2017-07-21T00:00:00","modified_gmt":"2017-07-21T04:00:00","slug":"bio-world-congress-on-industrial-biotechnology","status":"publish","type":"post","link":"https:\/\/genomequebec.com\/en\/news-and-publications\/bio-world-congress-on-industrial-biotechnology\/","title":{"rendered":"BIO World Congress on Industrial Biotechnology"},"content":{"rendered":"<p style=\"text-align: justify;\">G\u00e9nome Qu\u00e9bec is happy to welcome in Montr\u00e9al the BIO World Congress on Industrial Biotechnology that will take place from July 23 to 26 at the Palais des congr\u00e8s.<\/p>\n<p style=\"text-align: justify;\">We invite you to take this opportunity to visit the McGill University and G\u00e9nome Qu\u00e9bec Innovation Centre booth that will be on site.<\/p>\n<p><a href=\"https:\/\/www.bio.org\/events\/bio-world-congress\" target=\"_blank\" rel=\"noopener\">For all the details regarding this event, click here.<\/a><\/p>\n","protected":false},"excerpt":{"rendered":"<p>G\u00e9nome Qu\u00e9bec is happy to welcome in Montr\u00e9al the BIO World Congress on Industrial Biotechnology that will take place from July 23 to 26 at the Palais des congr\u00e8s. We&hellip;<\/p>\n","protected":false},"author":1,"featured_media":15952,"comment_status":"open","ping_status":"open","sticky":false,"template":"","format":"standard","meta":{"_acf_changed":false,"_relevanssi_hide_post":"","_relevanssi_hide_content":"","_relevanssi_pin_for_all":"","_relevanssi_pin_keywords":"","_relevanssi_unpin_keywords":"","_relevanssi_related_keywords":"","_relevanssi_related_include_ids":"","_relevanssi_related_exclude_ids":"","_relevanssi_related_no_append":"","_relevanssi_related_not_related":"","_relevanssi_related_posts":"","_relevanssi_noindex_reason":"","footnotes":""},"categories":[294],"tags":[],"class_list":["post-16699","post","type-post","status-publish","format-standard","has-post-thumbnail","hentry","category-nouvelles"],"acf":[],"_links":{"self":[{"href":"https:\/\/genomequebec.com\/en\/wp-json\/wp\/v2\/posts\/16699","targetHints":{"allow":["GET"]}}],"collection":[{"href":"https:\/\/genomequebec.com\/en\/wp-json\/wp\/v2\/posts"}],"about":[{"href":"https:\/\/genomequebec.com\/en\/wp-json\/wp\/v2\/types\/post"}],"author":[{"embeddable":true,"href":"https:\/\/genomequebec.com\/en\/wp-json\/wp\/v2\/users\/1"}],"replies":[{"embeddable":true,"href":"https:\/\/genomequebec.com\/en\/wp-json\/wp\/v2\/comments?post=16699"}],"version-history":[{"count":0,"href":"https:\/\/genomequebec.com\/en\/wp-json\/wp\/v2\/posts\/16699\/revisions"}],"wp:featuredmedia":[{"embeddable":true,"href":"https:\/\/genomequebec.com\/en\/wp-json\/wp\/v2\/media\/15952"}],"wp:attachment":[{"href":"https:\/\/genomequebec.com\/en\/wp-json\/wp\/v2\/media?parent=16699"}],"wp:term":[{"taxonomy":"category","embeddable":true,"href":"https:\/\/genomequebec.com\/en\/wp-json\/wp\/v2\/categories?post=16699"},{"taxonomy":"post_tag","embeddable":true,"href":"https:\/\/genomequebec.com\/en\/wp-json\/wp\/v2\/tags?post=16699"}],"curies":[{"name":"wp","href":"https:\/\/api.w.org\/{rel}","templated":true}]}}