{"id":16695,"date":"2017-06-20T00:00:00","date_gmt":"2017-06-20T04:00:00","guid":{"rendered":"https:\/\/genomequebec.com\/actualites-et-publications\/genomics-in-the-spotlight-at-the-bio-international-convention-in-san-diego\/"},"modified":"2017-06-20T00:00:00","modified_gmt":"2017-06-20T04:00:00","slug":"genomics-in-the-spotlight-at-the-bio-international-convention-in-san-diego","status":"publish","type":"post","link":"https:\/\/genomequebec.com\/en\/news-and-publications\/genomics-in-the-spotlight-at-the-bio-international-convention-in-san-diego\/","title":{"rendered":"Genomics in the spotlight at the BIO International Convention in San Diego"},"content":{"rendered":"<p style=\"text-align: justify;\">Daniel Coderre, President and CEO of G\u00e9nome Qu\u00e9bec, was present today at the BIO International Convention in San Diego for the Qu\u00e9bec Pavilion opening. He took the opportunity to thank Health Minister, Dr. Ga\u00e9tan Barrette, who reiterated its support in G\u00e9nome Qu\u00e9bec by highlighting the $40M granted to the organization in the last Qu\u00e9bec budget.<\/p>\n<p style=\"text-align: justify;\">As mentioned by Mr. Coderre, this funding will have a significant strategic impact on Qu\u00e9bec&#8217;s competitivity at the national and international levels. S<span class=\"b5\">ymbolically, announcing it in San Diego, in the midst of one of the world&#8217;s most important life science conventions is very stimulating. A major part of the money will be used to fund precision medicine initiatives that address real needs, aligned with Qu\u00e9bec&#8217;s society priorities.<\/span><\/p>\n","protected":false},"excerpt":{"rendered":"<p>Daniel Coderre, President and CEO of G\u00e9nome Qu\u00e9bec, was present today at the BIO International Convention in San Diego for the Qu\u00e9bec Pavilion opening. He took the opportunity to thank&hellip;<\/p>\n","protected":false},"author":1,"featured_media":15937,"comment_status":"open","ping_status":"open","sticky":false,"template":"","format":"standard","meta":{"_acf_changed":false,"_relevanssi_hide_post":"","_relevanssi_hide_content":"","_relevanssi_pin_for_all":"","_relevanssi_pin_keywords":"","_relevanssi_unpin_keywords":"","_relevanssi_related_keywords":"","_relevanssi_related_include_ids":"","_relevanssi_related_exclude_ids":"","_relevanssi_related_no_append":"","_relevanssi_related_not_related":"","_relevanssi_related_posts":"","_relevanssi_noindex_reason":"","footnotes":""},"categories":[294],"tags":[],"class_list":["post-16695","post","type-post","status-publish","format-standard","has-post-thumbnail","hentry","category-nouvelles"],"acf":[],"_links":{"self":[{"href":"https:\/\/genomequebec.com\/en\/wp-json\/wp\/v2\/posts\/16695","targetHints":{"allow":["GET"]}}],"collection":[{"href":"https:\/\/genomequebec.com\/en\/wp-json\/wp\/v2\/posts"}],"about":[{"href":"https:\/\/genomequebec.com\/en\/wp-json\/wp\/v2\/types\/post"}],"author":[{"embeddable":true,"href":"https:\/\/genomequebec.com\/en\/wp-json\/wp\/v2\/users\/1"}],"replies":[{"embeddable":true,"href":"https:\/\/genomequebec.com\/en\/wp-json\/wp\/v2\/comments?post=16695"}],"version-history":[{"count":0,"href":"https:\/\/genomequebec.com\/en\/wp-json\/wp\/v2\/posts\/16695\/revisions"}],"wp:featuredmedia":[{"embeddable":true,"href":"https:\/\/genomequebec.com\/en\/wp-json\/wp\/v2\/media\/15937"}],"wp:attachment":[{"href":"https:\/\/genomequebec.com\/en\/wp-json\/wp\/v2\/media?parent=16695"}],"wp:term":[{"taxonomy":"category","embeddable":true,"href":"https:\/\/genomequebec.com\/en\/wp-json\/wp\/v2\/categories?post=16695"},{"taxonomy":"post_tag","embeddable":true,"href":"https:\/\/genomequebec.com\/en\/wp-json\/wp\/v2\/tags?post=16695"}],"curies":[{"name":"wp","href":"https:\/\/api.w.org\/{rel}","templated":true}]}}