{"id":16673,"date":"2016-09-08T00:00:00","date_gmt":"2016-09-08T04:00:00","guid":{"rendered":"https:\/\/genomequebec.com\/actualites-et-publications\/announcement-of-the-new-president-and-ceo-of-genome-quebec\/"},"modified":"2016-09-08T00:00:00","modified_gmt":"2016-09-08T04:00:00","slug":"announcement-of-the-new-president-and-ceo-of-genome-quebec","status":"publish","type":"post","link":"https:\/\/genomequebec.com\/en\/news-and-publications\/announcement-of-the-new-president-and-ceo-of-genome-quebec\/","title":{"rendered":"Announcement of the new President and CEO of G\u00e9nome Qu\u00e9bec"},"content":{"rendered":"<p style=\"text-align: justify;\">The G\u00e9nome Qu\u00e9bec Board of Directors is pleased to announce the appointment of Daniel Coderre as the organization&#8217;s new President and CEO. Recognized for his extensive knowledge of the issues facing science and technology and for his reputation as an outstanding leader, Mr. Coderre will be bringing to G\u00e9nome Qu\u00e9bec his wealth of experience acquired in Qu\u00e9bec, in Canada and around the world.\u00a0<\/p>\n<p style=\"text-align: justify;\">G\u00e9nome Qu\u00e9bec is a non-profit organization that promotes genomics and serves as a driving force of economic growth in Qu\u00e9bec. Its goal is to foster the development and integration of the cross-disciplinary field of genomics and support researchers in their quest for excellence and competitiveness.<\/p>\n<p style=\"text-align: justify;\">A certified corporate director (ASC &#8211; Administrateur de soci\u00e9t\u00e9s certifi\u00e9) with a proven track record in public administration, Mr. Coderre has all the necessary attributes to spearhead G\u00e9nome Qu\u00e9bec. The mandate he has been given includes consolidating the strategic position of genomics in its various sectors of interest: health, agrifood, forestry and sustainable development.<\/p>\n<p>\u00a0<\/p>\n<p><a href=\"https:\/\/www.genomequebec.com\/DATA\/TEXTEDOC\/2. Press release - Appointment President and CEO.pdf\">To read the press release, click here.<\/a><\/p>\n","protected":false},"excerpt":{"rendered":"<p>The G\u00e9nome Qu\u00e9bec Board of Directors is pleased to announce the appointment of Daniel Coderre as the organization&#8217;s new President and CEO. Recognized for his extensive knowledge of the issues&hellip;<\/p>\n","protected":false},"author":1,"featured_media":15832,"comment_status":"open","ping_status":"open","sticky":false,"template":"","format":"standard","meta":{"_acf_changed":false,"_relevanssi_hide_post":"","_relevanssi_hide_content":"","_relevanssi_pin_for_all":"","_relevanssi_pin_keywords":"","_relevanssi_unpin_keywords":"","_relevanssi_related_keywords":"","_relevanssi_related_include_ids":"","_relevanssi_related_exclude_ids":"","_relevanssi_related_no_append":"","_relevanssi_related_not_related":"","_relevanssi_related_posts":"","_relevanssi_noindex_reason":"","footnotes":""},"categories":[294],"tags":[],"class_list":["post-16673","post","type-post","status-publish","format-standard","has-post-thumbnail","hentry","category-nouvelles"],"acf":[],"_links":{"self":[{"href":"https:\/\/genomequebec.com\/en\/wp-json\/wp\/v2\/posts\/16673","targetHints":{"allow":["GET"]}}],"collection":[{"href":"https:\/\/genomequebec.com\/en\/wp-json\/wp\/v2\/posts"}],"about":[{"href":"https:\/\/genomequebec.com\/en\/wp-json\/wp\/v2\/types\/post"}],"author":[{"embeddable":true,"href":"https:\/\/genomequebec.com\/en\/wp-json\/wp\/v2\/users\/1"}],"replies":[{"embeddable":true,"href":"https:\/\/genomequebec.com\/en\/wp-json\/wp\/v2\/comments?post=16673"}],"version-history":[{"count":0,"href":"https:\/\/genomequebec.com\/en\/wp-json\/wp\/v2\/posts\/16673\/revisions"}],"wp:featuredmedia":[{"embeddable":true,"href":"https:\/\/genomequebec.com\/en\/wp-json\/wp\/v2\/media\/15832"}],"wp:attachment":[{"href":"https:\/\/genomequebec.com\/en\/wp-json\/wp\/v2\/media?parent=16673"}],"wp:term":[{"taxonomy":"category","embeddable":true,"href":"https:\/\/genomequebec.com\/en\/wp-json\/wp\/v2\/categories?post=16673"},{"taxonomy":"post_tag","embeddable":true,"href":"https:\/\/genomequebec.com\/en\/wp-json\/wp\/v2\/tags?post=16673"}],"curies":[{"name":"wp","href":"https:\/\/api.w.org\/{rel}","templated":true}]}}