{"id":16605,"date":"2014-11-10T00:00:00","date_gmt":"2014-11-10T05:00:00","guid":{"rendered":"https:\/\/genomequebec.com\/actualites-et-publications\/catalina-lopez-correa-conference-genomics-and-natural-resources\/"},"modified":"2014-11-10T00:00:00","modified_gmt":"2014-11-10T05:00:00","slug":"catalina-lopez-correa-conference-genomics-and-natural-resources","status":"publish","type":"post","link":"https:\/\/genomequebec.com\/en\/news-and-publications\/catalina-lopez-correa-conference-genomics-and-natural-resources\/","title":{"rendered":"Catalina L\u00f3pez Correa conference &#8211; Genomics and Natural Resources"},"content":{"rendered":"<p>Don&#8217;t miss\u00a0<span>Catalina L\u00f3pez Correa, Vice President, Scientific Affairs at G\u00e9nome Qu\u00e9bec, talk <span>about genomics for sustainable solutions to natural resources issues.<\/span>\u00a0<\/span><\/p>\n<p><span>Presented on December 8, as part of the Natural Resources Strategic Forum Pr\u00e9sent\u00e9e organized by the Board of Trade of Metropolitain Montr\u00e9al.<\/span><\/p>\n<p><a href=\"http:\/\/www.btmm.qc.ca\/en\/sf_natural_resources_1214\/?utm_campaign=fs_ressources_naturelles_1214&#038;utm_medium=capsule&#038;utm_source=courriel&#038;grp=1179892\" target=\"_blank\" rel=\"noopener\"><span>More on the Forum<\/span><\/a><\/p>\n","protected":false},"excerpt":{"rendered":"<p>Don&#8217;t miss\u00a0Catalina L\u00f3pez Correa, Vice President, Scientific Affairs at G\u00e9nome Qu\u00e9bec, talk about genomics for sustainable solutions to natural resources issues.\u00a0 Presented on December 8, as part of the Natural&hellip;<\/p>\n","protected":false},"author":1,"featured_media":15576,"comment_status":"open","ping_status":"open","sticky":false,"template":"","format":"standard","meta":{"_acf_changed":false,"_relevanssi_hide_post":"","_relevanssi_hide_content":"","_relevanssi_pin_for_all":"","_relevanssi_pin_keywords":"","_relevanssi_unpin_keywords":"","_relevanssi_related_keywords":"","_relevanssi_related_include_ids":"","_relevanssi_related_exclude_ids":"","_relevanssi_related_no_append":"","_relevanssi_related_not_related":"","_relevanssi_related_posts":"","_relevanssi_noindex_reason":"","footnotes":""},"categories":[294],"tags":[],"class_list":["post-16605","post","type-post","status-publish","format-standard","has-post-thumbnail","hentry","category-nouvelles"],"acf":[],"_links":{"self":[{"href":"https:\/\/genomequebec.com\/en\/wp-json\/wp\/v2\/posts\/16605","targetHints":{"allow":["GET"]}}],"collection":[{"href":"https:\/\/genomequebec.com\/en\/wp-json\/wp\/v2\/posts"}],"about":[{"href":"https:\/\/genomequebec.com\/en\/wp-json\/wp\/v2\/types\/post"}],"author":[{"embeddable":true,"href":"https:\/\/genomequebec.com\/en\/wp-json\/wp\/v2\/users\/1"}],"replies":[{"embeddable":true,"href":"https:\/\/genomequebec.com\/en\/wp-json\/wp\/v2\/comments?post=16605"}],"version-history":[{"count":0,"href":"https:\/\/genomequebec.com\/en\/wp-json\/wp\/v2\/posts\/16605\/revisions"}],"wp:featuredmedia":[{"embeddable":true,"href":"https:\/\/genomequebec.com\/en\/wp-json\/wp\/v2\/media\/15576"}],"wp:attachment":[{"href":"https:\/\/genomequebec.com\/en\/wp-json\/wp\/v2\/media?parent=16605"}],"wp:term":[{"taxonomy":"category","embeddable":true,"href":"https:\/\/genomequebec.com\/en\/wp-json\/wp\/v2\/categories?post=16605"},{"taxonomy":"post_tag","embeddable":true,"href":"https:\/\/genomequebec.com\/en\/wp-json\/wp\/v2\/tags?post=16605"}],"curies":[{"name":"wp","href":"https:\/\/api.w.org\/{rel}","templated":true}]}}