{"id":16595,"date":"2014-09-02T00:00:00","date_gmt":"2014-09-02T04:00:00","guid":{"rendered":"https:\/\/genomequebec.com\/actualites-et-publications\/a-new-video-presents-the-future-of-genomics-in-quebec\/"},"modified":"2014-09-02T00:00:00","modified_gmt":"2014-09-02T04:00:00","slug":"a-new-video-presents-the-future-of-genomics-in-quebec","status":"publish","type":"post","link":"https:\/\/genomequebec.com\/en\/news-and-publications\/a-new-video-presents-the-future-of-genomics-in-quebec\/","title":{"rendered":"A new video presents the future of genomics in Qu\u00e9bec"},"content":{"rendered":"<p>G\u00e9nome Qu\u00e9bec invites you to listen to the members of the Management Team present their vision on genomics in Qu\u00e9bec<\/p>\n<p><iframe src=\"https:\/\/www.youtube.com\/embed\/IHqmUvZSZo4\" width=\"480\" height=\"292\"><\/iframe><\/p>\n","protected":false},"excerpt":{"rendered":"<p>G\u00e9nome Qu\u00e9bec invites you to listen to the members of the Management Team present their vision on genomics in Qu\u00e9bec<\/p>\n","protected":false},"author":1,"featured_media":15543,"comment_status":"open","ping_status":"open","sticky":false,"template":"","format":"standard","meta":{"_acf_changed":false,"_relevanssi_hide_post":"","_relevanssi_hide_content":"","_relevanssi_pin_for_all":"","_relevanssi_pin_keywords":"","_relevanssi_unpin_keywords":"","_relevanssi_related_keywords":"","_relevanssi_related_include_ids":"","_relevanssi_related_exclude_ids":"","_relevanssi_related_no_append":"","_relevanssi_related_not_related":"","_relevanssi_related_posts":"","_relevanssi_noindex_reason":"","footnotes":""},"categories":[294],"tags":[],"class_list":["post-16595","post","type-post","status-publish","format-standard","has-post-thumbnail","hentry","category-nouvelles"],"acf":[],"_links":{"self":[{"href":"https:\/\/genomequebec.com\/en\/wp-json\/wp\/v2\/posts\/16595","targetHints":{"allow":["GET"]}}],"collection":[{"href":"https:\/\/genomequebec.com\/en\/wp-json\/wp\/v2\/posts"}],"about":[{"href":"https:\/\/genomequebec.com\/en\/wp-json\/wp\/v2\/types\/post"}],"author":[{"embeddable":true,"href":"https:\/\/genomequebec.com\/en\/wp-json\/wp\/v2\/users\/1"}],"replies":[{"embeddable":true,"href":"https:\/\/genomequebec.com\/en\/wp-json\/wp\/v2\/comments?post=16595"}],"version-history":[{"count":0,"href":"https:\/\/genomequebec.com\/en\/wp-json\/wp\/v2\/posts\/16595\/revisions"}],"wp:featuredmedia":[{"embeddable":true,"href":"https:\/\/genomequebec.com\/en\/wp-json\/wp\/v2\/media\/15543"}],"wp:attachment":[{"href":"https:\/\/genomequebec.com\/en\/wp-json\/wp\/v2\/media?parent=16595"}],"wp:term":[{"taxonomy":"category","embeddable":true,"href":"https:\/\/genomequebec.com\/en\/wp-json\/wp\/v2\/categories?post=16595"},{"taxonomy":"post_tag","embeddable":true,"href":"https:\/\/genomequebec.com\/en\/wp-json\/wp\/v2\/tags?post=16595"}],"curies":[{"name":"wp","href":"https:\/\/api.w.org\/{rel}","templated":true}]}}