{"id":16588,"date":"2014-06-16T00:00:00","date_gmt":"2014-06-16T04:00:00","guid":{"rendered":"https:\/\/genomequebec.com\/actualites-et-publications\/genome-quebec-salutes-the-2nd-conifer-genome-summit\/"},"modified":"2014-06-16T00:00:00","modified_gmt":"2014-06-16T04:00:00","slug":"genome-quebec-salutes-the-2nd-conifer-genome-summit","status":"publish","type":"post","link":"https:\/\/genomequebec.com\/en\/news-and-publications\/genome-quebec-salutes-the-2nd-conifer-genome-summit\/","title":{"rendered":"G\u00e9nome Qu\u00e9bec salutes the 2nd Conifer Genome Summit"},"content":{"rendered":"<p>The second Conifer Genome Summit is being held in Qu\u00e9bec this week. The event takes place in the For\u00eat Montmorency and brings together sixty researchers from Europe and North America. This meeting follows on the first summit held in Sweden last year at the same time, in Bj\u00f6rkliden, Lapland above the Arctic Circle.<\/p>\n<p>\u00a0<\/p>\n<p>Open to all members of the forest genomics community, the 2014 Summit will facilitate updates on the most advanced approaches in conifer genome sequencing, assembly and annotation, as well as updates on the interpretation and practical application of the information gleaned from conifer genomes. These summits are essential in order to coordinate the resources and develop the database required for such a wealth of information to be exploited.<\/p>\n<p>\u201cThe summit, which came out of a joint Canada-Sweden initiative, was created last year following the publication in <em>Nature<\/em> of the white spruce and Norway spruce genome sequences. It is thanks to large-scale projects such as SMaRTForests that we are able to bring together scientists in genomics, genetics and forest biology to develop international collaborations of this kind, and to position Canada in the development and enhancement of forest health and productivity,\u201d said John MacKay, principal SMaRTForests researcher and Professor in the Department of Wood and Forest Sciences, Universit\u00e9 Laval.<\/p>\n<p>\u201cG\u00e9nome Qu\u00e9bec salutes the creation of the second Summit, which demonstrates the importance of international scientific collaboration in this sector. The forest is a priority sector in Qu\u00e9bec and Canada, and forest genomics is a niche of excellence that we must continue to develop. G\u00e9nome Qu\u00e9bec has already invested over $30 million in this sector at Universit\u00e9 Laval, because we want to position ourselves among the best. We are especially proud to highlight this joint initiative with Sweden,\u201d declared Marc LePage, President and CEO of G\u00e9nome Qu\u00e9bec.<\/p>\n<p>The Dean of the Faculty of Forestry, Geography and Geomatics at Universit\u00e9 Laval, Robert Beauregard, stated that \u201cUniversit\u00e9 Laval\u2019s leadership in forest genomics is the result of the hard work of two professors, John MacKay and Jean Bousquet. Over the years they have developed a scientific network of such scope that world leaders of today in the field of forest genomics find it only natural that the event should be held here, in the For\u00eat Montmorency.\u201d<\/p>\n<p><strong>About SMarTForests<\/strong><\/p>\n<p>SMarTForests is a Canada-wide initiative in the field of tree genomics. With a research budget of $10 million, this national forest genomics project is funded by Genome Canada, G\u00e9nome Qu\u00e9bec, Genome British Columbia and Genome Alberta. The research is led at Universit\u00e9 Laval by Professor John MacKay of the Department of Wood and Forest Sciences, and at the University of British Columbia by Professor Joerg Bolhmann at Michael Smith Laboratories.<\/p>\n<p>The aim of the project is to harness the power of genomics to develop diagnostic markers based on DNA, metabolites and proteins in order to accelerate the selection of spruce species in Canada. Our goal is to enhance and maintain the natural genetic diversity of our forests by identifying the genes responsible for traits such as wood density, growth, resistance to insects and adaptation to climate.<\/p>\n<p><strong>About G\u00e9nome Qu\u00e9bec<\/strong><\/p>\n<p>Since May 2000, G\u00e9nome Qu\u00e9bec has been the driving force behind the development of genomics in Qu\u00e9bec. By supporting over 80 projects and 900 researchers and managing the operations of the McGill University and G\u00e9nome Qu\u00e9bec Innovation Centre, G\u00e9nome Qu\u00e9bec is helping to accelerate the discovery of new applications for genomics in strategic areas, such as human health, forestry, the environment and agrifood.<\/p>\n<p>The funds invested by G\u00e9nome Qu\u00e9bec are provided by the Government of Qu\u00e9bec, the Government of Canada through Genome Canada and by private partners.<\/p>\n<p>For more information, visit our website at <a href=\"http:\/\/www.genomeQu\u00e9bec.com\" target=\"_blank\" rel=\"noopener\">www.genomeQu\u00e9bec.com<\/a><\/p>\n<p><strong>About Universit\u00e9 Laval<\/strong><\/p>\n<p>Located in Quebec\u2019s historic capital, a World Heritage City, Universit\u00e9 Laval is the first <br \/> French-language university in North America. It is one of Canada\u2019s leading research universities, ranking 7<sup>th<\/sup> among the country\u2019s 94 university-level institutions in terms of research funding with more than $300 million devoted to research last year. Universit\u00e9 Laval\u2019s 1,400 professors-researchers share their knowledge with 48,000 students, 10,000 of whom are enrolled in graduate-level programs. <a href=\"http:\/\/www.ulaval.ca\" target=\"_blank\" rel=\"noopener\">www.ulaval.ca<\/a><\/p>\n<p><strong>Information: <\/strong><\/p>\n<p><strong>SMarTForests <\/strong><\/p>\n<p>B\u00e9atrice Rich\u00e9<\/p>\n<p>Project Manager<\/p>\n<p><a href=\"mailto:beatrice.riche@sbf.ulaval.ca\">beatrice.riche@sbf.ulaval.ca<\/a><\/p>\n<p>\u00a0<\/p>\n<p><strong>G\u00e9nome Qu\u00e9bec<\/strong><\/p>\n<p>\u00c9va Kammer<\/p>\n<p>Director, Communications<\/p>\n<p>514\u00a0398-0668, poste\u00a0206<\/p>\n<p>Cellulaire\u00a0: 514 519-6910<\/p>\n<p><a href=\"mailto:ekammer@genomequebec.com\">ekammer@genomeQu\u00e9bec.com<\/a><\/p>\n<p>\u00a0<\/p>\n<p><strong>Universit\u00e9 Laval<\/strong><\/p>\n<p>Jean-Fran\u00e7ois Hupp\u00e9<\/p>\n<p>Media Relations<\/p>\n<p>Communications\u00a0 Division<\/p>\n<p>418\u00a0656-7785<\/p>\n<p><a href=\"mailto:jean-francois.huppe@dc.ulaval.ca\">jean-francois.huppe@dc.ulaval.ca<\/a><\/p>\n","protected":false},"excerpt":{"rendered":"<p>The second Conifer Genome Summit is being held in Qu\u00e9bec this week. The event takes place in the For\u00eat Montmorency and brings together sixty researchers from Europe and North America.&hellip;<\/p>\n","protected":false},"author":1,"featured_media":15522,"comment_status":"open","ping_status":"open","sticky":false,"template":"","format":"standard","meta":{"_acf_changed":false,"_relevanssi_hide_post":"","_relevanssi_hide_content":"","_relevanssi_pin_for_all":"","_relevanssi_pin_keywords":"","_relevanssi_unpin_keywords":"","_relevanssi_related_keywords":"","_relevanssi_related_include_ids":"","_relevanssi_related_exclude_ids":"","_relevanssi_related_no_append":"","_relevanssi_related_not_related":"","_relevanssi_related_posts":"","_relevanssi_noindex_reason":"","footnotes":""},"categories":[294],"tags":[],"class_list":["post-16588","post","type-post","status-publish","format-standard","has-post-thumbnail","hentry","category-nouvelles"],"acf":[],"_links":{"self":[{"href":"https:\/\/genomequebec.com\/en\/wp-json\/wp\/v2\/posts\/16588","targetHints":{"allow":["GET"]}}],"collection":[{"href":"https:\/\/genomequebec.com\/en\/wp-json\/wp\/v2\/posts"}],"about":[{"href":"https:\/\/genomequebec.com\/en\/wp-json\/wp\/v2\/types\/post"}],"author":[{"embeddable":true,"href":"https:\/\/genomequebec.com\/en\/wp-json\/wp\/v2\/users\/1"}],"replies":[{"embeddable":true,"href":"https:\/\/genomequebec.com\/en\/wp-json\/wp\/v2\/comments?post=16588"}],"version-history":[{"count":0,"href":"https:\/\/genomequebec.com\/en\/wp-json\/wp\/v2\/posts\/16588\/revisions"}],"wp:featuredmedia":[{"embeddable":true,"href":"https:\/\/genomequebec.com\/en\/wp-json\/wp\/v2\/media\/15522"}],"wp:attachment":[{"href":"https:\/\/genomequebec.com\/en\/wp-json\/wp\/v2\/media?parent=16588"}],"wp:term":[{"taxonomy":"category","embeddable":true,"href":"https:\/\/genomequebec.com\/en\/wp-json\/wp\/v2\/categories?post=16588"},{"taxonomy":"post_tag","embeddable":true,"href":"https:\/\/genomequebec.com\/en\/wp-json\/wp\/v2\/tags?post=16588"}],"curies":[{"name":"wp","href":"https:\/\/api.w.org\/{rel}","templated":true}]}}