{"id":16583,"date":"2014-04-30T00:00:00","date_gmt":"2014-04-30T04:00:00","guid":{"rendered":"https:\/\/genomequebec.com\/actualites-et-publications\/the-universite-de-montreal-pays-tribute-to-our-top-quebec-researchers\/"},"modified":"2014-04-30T00:00:00","modified_gmt":"2014-04-30T04:00:00","slug":"the-universite-de-montreal-pays-tribute-to-our-top-quebec-researchers","status":"publish","type":"post","link":"https:\/\/genomequebec.com\/en\/news-and-publications\/the-universite-de-montreal-pays-tribute-to-our-top-quebec-researchers\/","title":{"rendered":"The Universit\u00e9 de Montr\u00e9al pays tribute to our top Quebec researchers"},"content":{"rendered":"<p>On April 29, 2014, the Universit\u00e9 de Montr\u00e9al, in the presence of Rector Dr. Guy Breton and Vice-Rector Research, Genevi\u00e8ve Tanguay, honored researchers who have distinguished themselves by awards, honors and major grants during the year.<\/p>\n<p>Genome Qu\u00e9bec wishes to congratulate the researchers who have distinguished themselves in the Genomics and Personalized Health competition organized by Genome Canada and the Fonds de partenariat pour un Qu\u00e9bec innovant et en sant\u00e9:<\/p>\n<table style=\"width: 100%;\" border=\"0\" cellspacing=\"0\" cellpadding=\"0\">\n<tbody>\n<tr>\n<td>\n<p><strong>G\u00e9nome Canada<\/strong><\/p>\n<ul>\n<li>PATRICK COSSETTE, D\u00e9partement de neurosciences , Facult\u00e9 de m\u00e9decine, et Centre de recherche du Centre hospitalier de l\u2019Universit\u00e9 de Montr\u00e9al<\/li>\n<li>MARIE-PIERRE DUB\u00c9, D\u00e9partement de m\u00e9decine, Facult\u00e9 de m\u00e9decine, et Institut de cardiologie de Montr\u00e9al<\/li>\n<li>JOS\u00c9E H\u00c9BERT, D\u00e9partement de m\u00e9decine, Facult\u00e9 de m\u00e9decine, et Centre de recherche de l\u2019H\u00f4pital Maisonneuve-Rosemont<\/li>\n<li>JACQUES MICHAUD, D\u00e9partement de p\u00e9diatrie, Facult\u00e9 de m\u00e9decine, et Centre de recherche du CHU Sainte-Justine<\/li>\n<li>CLAUDE PERREAULT, D\u00e9partement de m\u00e9decine, Facult\u00e9 de m\u00e9decine, et Institut de recherche en immunologie et en canc\u00e9rologie\u00a0<\/li>\n<li>JOHN RIOUX, D\u00e9partement de m\u00e9decine, Facult\u00e9 de m\u00e9decine, et Institut de cardiologie de Montr\u00e9al<\/li>\n<li>DENIS-CLAUDE ROY, D\u00e9partement de m\u00e9decine, Facult\u00e9 de m\u00e9decine, et Centre de recherche de l\u2019H\u00f4pital Maisonneuve-Rosemont<\/li>\n<li>GUY SAUVAGEAU, D\u00e9partement de m\u00e9decine, Facult\u00e9 de m\u00e9decine, et Institut de recherche en immunologie et en canc\u00e9rologie\u00a0<\/li>\n<li>JEAN-CLAUDE TARDIF, D\u00e9partement de m\u00e9decine, Facult\u00e9 de m\u00e9decine, et Institut de cardiologie de Montr\u00e9al<\/li>\n<\/ul>\n<\/td>\n<\/tr>\n<tr>\n<td>\n<p><strong>Fonds de partenariat pour un Qu\u00e9bec innovant et en sant\u00e9<\/strong><\/p>\n<ul>\n<li>MICHEL BOUVIER, D\u00e9partement de biochimie et m\u00e9decine mol\u00e9culaire, Facult\u00e9 de m\u00e9decine, et Institut de recherche en immunologie et en canc\u00e9rologie\u00a0<\/li>\n<li>PAVEL HAMET, D\u00e9partement de m\u00e9decine, Facult\u00e9 de m\u00e9decine, et Centre de recherche du Centre hospitalier de l\u2019Universit\u00e9 de Montr\u00e9al<\/li>\n<li>JEAN-CLAUDE TARDIF, D\u00e9partement de m\u00e9decine, Facult\u00e9 de m\u00e9decine, et Institut de cardiologie de Montr\u00e9al<\/li>\n<\/ul>\n<\/td>\n<\/tr>\n<\/tbody>\n<\/table>\n<p>\u00a0<\/p>\n","protected":false},"excerpt":{"rendered":"<p>On April 29, 2014, the Universit\u00e9 de Montr\u00e9al, in the presence of Rector Dr. Guy Breton and Vice-Rector Research, Genevi\u00e8ve Tanguay, honored researchers who have distinguished themselves by awards, honors&hellip;<\/p>\n","protected":false},"author":1,"featured_media":15504,"comment_status":"open","ping_status":"open","sticky":false,"template":"","format":"standard","meta":{"_acf_changed":false,"_relevanssi_hide_post":"","_relevanssi_hide_content":"","_relevanssi_pin_for_all":"","_relevanssi_pin_keywords":"","_relevanssi_unpin_keywords":"","_relevanssi_related_keywords":"","_relevanssi_related_include_ids":"","_relevanssi_related_exclude_ids":"","_relevanssi_related_no_append":"","_relevanssi_related_not_related":"","_relevanssi_related_posts":"","_relevanssi_noindex_reason":"","footnotes":""},"categories":[294],"tags":[],"class_list":["post-16583","post","type-post","status-publish","format-standard","has-post-thumbnail","hentry","category-nouvelles"],"acf":[],"_links":{"self":[{"href":"https:\/\/genomequebec.com\/en\/wp-json\/wp\/v2\/posts\/16583","targetHints":{"allow":["GET"]}}],"collection":[{"href":"https:\/\/genomequebec.com\/en\/wp-json\/wp\/v2\/posts"}],"about":[{"href":"https:\/\/genomequebec.com\/en\/wp-json\/wp\/v2\/types\/post"}],"author":[{"embeddable":true,"href":"https:\/\/genomequebec.com\/en\/wp-json\/wp\/v2\/users\/1"}],"replies":[{"embeddable":true,"href":"https:\/\/genomequebec.com\/en\/wp-json\/wp\/v2\/comments?post=16583"}],"version-history":[{"count":0,"href":"https:\/\/genomequebec.com\/en\/wp-json\/wp\/v2\/posts\/16583\/revisions"}],"wp:featuredmedia":[{"embeddable":true,"href":"https:\/\/genomequebec.com\/en\/wp-json\/wp\/v2\/media\/15504"}],"wp:attachment":[{"href":"https:\/\/genomequebec.com\/en\/wp-json\/wp\/v2\/media?parent=16583"}],"wp:term":[{"taxonomy":"category","embeddable":true,"href":"https:\/\/genomequebec.com\/en\/wp-json\/wp\/v2\/categories?post=16583"},{"taxonomy":"post_tag","embeddable":true,"href":"https:\/\/genomequebec.com\/en\/wp-json\/wp\/v2\/tags?post=16583"}],"curies":[{"name":"wp","href":"https:\/\/api.w.org\/{rel}","templated":true}]}}